{"id":318,"date":"2018-10-03T14:01:00","date_gmt":"2018-10-03T12:01:00","guid":{"rendered":"http:\/\/www.theatredufiguier.com\/?p=318"},"modified":"2018-10-03T14:01:20","modified_gmt":"2018-10-03T12:01:20","slug":"roland-sous-les-halles","status":"publish","type":"post","link":"https:\/\/www.theatredufiguier.com\/?p=318","title":{"rendered":"Roland sous les Halles"},"content":{"rendered":"<p>Apr\u00e8s une premi\u00e8re halte tr\u00e8s r\u00e9ussie sous la halle de C\u00e9rons, notre com\u00e9die clownesque intitul\u00e9e ROLAND continue sa tourn\u00e9e d&rsquo;automne et fera \u00e9tape:<\/p>\n<p>&#8211;<strong> sous la halle de Barsac, le Dimanche 14 Octobre \u00e0 17h.<\/strong><\/p>\n<p><strong>&#8211; sous la halle aux petit pois de Rions, le Dimanche 28 Octobre \u00e0 17h.<\/strong><\/p>\n","protected":false},"excerpt":{"rendered":"<p>Apr&egrave;s une premi&egrave;re halte tr&egrave;s r&eacute;ussie sous la halle de C&eacute;rons, notre com&eacute;die clownesque intitul&eacute;e ROLAND continue sa tourn&eacute;e d&rsquo;automne et fera &eacute;tape: &ndash; sous la halle de Barsac, le Dimanche 14 Octobre &agrave; 17h. &ndash; sous la halle aux petit pois de Rions, le Dimanche 28 Octobre &agrave; 17h.<\/p>\n","protected":false},"author":2,"featured_media":0,"comment_status":"closed","ping_status":"open","sticky":false,"template":"","format":"standard","meta":{"ngg_post_thumbnail":0,"footnotes":""},"categories":[1],"tags":[],"class_list":["post-318","post","type-post","status-publish","format-standard","hentry","category-non-classe"],"_links":{"self":[{"href":"https:\/\/www.theatredufiguier.com\/index.php?rest_route=\/wp\/v2\/posts\/318","targetHints":{"allow":["GET"]}}],"collection":[{"href":"https:\/\/www.theatredufiguier.com\/index.php?rest_route=\/wp\/v2\/posts"}],"about":[{"href":"https:\/\/www.theatredufiguier.com\/index.php?rest_route=\/wp\/v2\/types\/post"}],"author":[{"embeddable":true,"href":"https:\/\/www.theatredufiguier.com\/index.php?rest_route=\/wp\/v2\/users\/2"}],"replies":[{"embeddable":true,"href":"https:\/\/www.theatredufiguier.com\/index.php?rest_route=%2Fwp%2Fv2%2Fcomments&post=318"}],"version-history":[{"count":2,"href":"https:\/\/www.theatredufiguier.com\/index.php?rest_route=\/wp\/v2\/posts\/318\/revisions"}],"predecessor-version":[{"id":320,"href":"https:\/\/www.theatredufiguier.com\/index.php?rest_route=\/wp\/v2\/posts\/318\/revisions\/320"}],"wp:attachment":[{"href":"https:\/\/www.theatredufiguier.com\/index.php?rest_route=%2Fwp%2Fv2%2Fmedia&parent=318"}],"wp:term":[{"taxonomy":"category","embeddable":true,"href":"https:\/\/www.theatredufiguier.com\/index.php?rest_route=%2Fwp%2Fv2%2Fcategories&post=318"},{"taxonomy":"post_tag","embeddable":true,"href":"https:\/\/www.theatredufiguier.com\/index.php?rest_route=%2Fwp%2Fv2%2Ftags&post=318"}],"curies":[{"name":"wp","href":"https:\/\/api.w.org\/{rel}","templated":true}]}}